{"id":1306,"date":"2025-12-22T17:07:27","date_gmt":"2025-12-22T16:07:27","guid":{"rendered":"https:\/\/djecji-vrtic-slapica.hr\/?p=1306"},"modified":"2025-12-22T17:07:29","modified_gmt":"2025-12-22T16:07:29","slug":"ukrasili-smo-tuzno-drvo","status":"publish","type":"post","link":"https:\/\/djecji-vrtic-slapica.hr\/en\/ukrasili-smo-tuzno-drvo\/","title":{"rendered":"Ukrasili smo tu\u017eno drvo"},"content":{"rendered":"<figure class=\"wp-block-gallery has-nested-images columns-default is-cropped wp-block-gallery-1 is-layout-flex wp-block-gallery-is-layout-flex\">\n<figure class=\"wp-block-image size-large\"><img fetchpriority=\"high\" decoding=\"async\" width=\"768\" height=\"1024\" data-id=\"1309\" src=\"https:\/\/djecji-vrtic-slapica.hr\/wp-content\/uploads\/2025\/12\/600270654_1390586882855162_6643543642844758743_n-768x1024.jpg\" alt=\"\" class=\"wp-image-1309\" srcset=\"https:\/\/djecji-vrtic-slapica.hr\/wp-content\/uploads\/2025\/12\/600270654_1390586882855162_6643543642844758743_n-768x1024.jpg 768w, https:\/\/djecji-vrtic-slapica.hr\/wp-content\/uploads\/2025\/12\/600270654_1390586882855162_6643543642844758743_n-225x300.jpg 225w, https:\/\/djecji-vrtic-slapica.hr\/wp-content\/uploads\/2025\/12\/600270654_1390586882855162_6643543642844758743_n-1152x1536.jpg 1152w, https:\/\/djecji-vrtic-slapica.hr\/wp-content\/uploads\/2025\/12\/600270654_1390586882855162_6643543642844758743_n-9x12.jpg 9w, https:\/\/djecji-vrtic-slapica.hr\/wp-content\/uploads\/2025\/12\/600270654_1390586882855162_6643543642844758743_n.jpg 1500w\" sizes=\"(max-width: 768px) 100vw, 768px\" \/><\/figure>\n\n\n\n<figure class=\"wp-block-image size-large\"><img decoding=\"async\" width=\"768\" height=\"1024\" data-id=\"1308\" src=\"https:\/\/djecji-vrtic-slapica.hr\/wp-content\/uploads\/2025\/12\/597609665_1390586692855181_7035623769019605451_n-768x1024.jpg\" alt=\"\" class=\"wp-image-1308\" srcset=\"https:\/\/djecji-vrtic-slapica.hr\/wp-content\/uploads\/2025\/12\/597609665_1390586692855181_7035623769019605451_n-768x1024.jpg 768w, https:\/\/djecji-vrtic-slapica.hr\/wp-content\/uploads\/2025\/12\/597609665_1390586692855181_7035623769019605451_n-225x300.jpg 225w, https:\/\/djecji-vrtic-slapica.hr\/wp-content\/uploads\/2025\/12\/597609665_1390586692855181_7035623769019605451_n-1152x1536.jpg 1152w, https:\/\/djecji-vrtic-slapica.hr\/wp-content\/uploads\/2025\/12\/597609665_1390586692855181_7035623769019605451_n-9x12.jpg 9w, https:\/\/djecji-vrtic-slapica.hr\/wp-content\/uploads\/2025\/12\/597609665_1390586692855181_7035623769019605451_n.jpg 1500w\" sizes=\"(max-width: 768px) 100vw, 768px\" \/><\/figure>\n\n\n\n<figure class=\"wp-block-image size-large\"><img decoding=\"async\" width=\"768\" height=\"1024\" data-id=\"1307\" src=\"https:\/\/djecji-vrtic-slapica.hr\/wp-content\/uploads\/2025\/12\/602459581_1390586662855184_4802015101279615718_n-768x1024.jpg\" alt=\"\" class=\"wp-image-1307\" srcset=\"https:\/\/djecji-vrtic-slapica.hr\/wp-content\/uploads\/2025\/12\/602459581_1390586662855184_4802015101279615718_n-768x1024.jpg 768w, https:\/\/djecji-vrtic-slapica.hr\/wp-content\/uploads\/2025\/12\/602459581_1390586662855184_4802015101279615718_n-225x300.jpg 225w, https:\/\/djecji-vrtic-slapica.hr\/wp-content\/uploads\/2025\/12\/602459581_1390586662855184_4802015101279615718_n-1152x1536.jpg 1152w, https:\/\/djecji-vrtic-slapica.hr\/wp-content\/uploads\/2025\/12\/602459581_1390586662855184_4802015101279615718_n-9x12.jpg 9w, https:\/\/djecji-vrtic-slapica.hr\/wp-content\/uploads\/2025\/12\/602459581_1390586662855184_4802015101279615718_n.jpg 1500w\" sizes=\"(max-width: 768px) 100vw, 768px\" \/><\/figure>\n\n\n\n<figure class=\"wp-block-image size-large\"><img loading=\"lazy\" decoding=\"async\" width=\"768\" height=\"1024\" data-id=\"1310\" src=\"https:\/\/djecji-vrtic-slapica.hr\/wp-content\/uploads\/2025\/12\/600363105_1390586532855197_7210485030566561174_n-768x1024.jpg\" alt=\"\" class=\"wp-image-1310\" srcset=\"https:\/\/djecji-vrtic-slapica.hr\/wp-content\/uploads\/2025\/12\/600363105_1390586532855197_7210485030566561174_n-768x1024.jpg 768w, https:\/\/djecji-vrtic-slapica.hr\/wp-content\/uploads\/2025\/12\/600363105_1390586532855197_7210485030566561174_n-225x300.jpg 225w, https:\/\/djecji-vrtic-slapica.hr\/wp-content\/uploads\/2025\/12\/600363105_1390586532855197_7210485030566561174_n-1152x1536.jpg 1152w, https:\/\/djecji-vrtic-slapica.hr\/wp-content\/uploads\/2025\/12\/600363105_1390586532855197_7210485030566561174_n-9x12.jpg 9w, https:\/\/djecji-vrtic-slapica.hr\/wp-content\/uploads\/2025\/12\/600363105_1390586532855197_7210485030566561174_n.jpg 1500w\" sizes=\"(max-width: 768px) 100vw, 768px\" \/><\/figure>\n<\/figure>","protected":false},"excerpt":{"rendered":"","protected":false},"author":1,"featured_media":1309,"comment_status":"closed","ping_status":"closed","sticky":false,"template":"","format":"standard","meta":{"_jetpack_memberships_contains_paid_content":false,"footnotes":""},"categories":[1],"tags":[],"class_list":["post-1306","post","type-post","status-publish","format-standard","has-post-thumbnail","hentry","category-novosti"],"yoast_head":"<!-- This site is optimized with the Yoast SEO plugin v25.1 - https:\/\/yoast.com\/wordpress\/plugins\/seo\/ -->\n<title>Ukrasili smo tu\u017eno drvo - Dje\u010dji vrti\u0107 \u0160lapica<\/title>\n<meta name=\"robots\" content=\"index, follow, max-snippet:-1, max-image-preview:large, max-video-preview:-1\" \/>\n<link rel=\"canonical\" href=\"https:\/\/djecji-vrtic-slapica.hr\/en\/ukrasili-smo-tuzno-drvo\/\" \/>\n<meta property=\"og:locale\" content=\"en_GB\" \/>\n<meta property=\"og:type\" content=\"article\" \/>\n<meta property=\"og:title\" content=\"Ukrasili smo tu\u017eno drvo - Dje\u010dji vrti\u0107 \u0160lapica\" \/>\n<meta property=\"og:url\" content=\"https:\/\/djecji-vrtic-slapica.hr\/en\/ukrasili-smo-tuzno-drvo\/\" \/>\n<meta property=\"og:site_name\" content=\"Dje\u010dji vrti\u0107 \u0160lapica\" \/>\n<meta property=\"article:published_time\" content=\"2025-12-22T16:07:27+00:00\" \/>\n<meta property=\"article:modified_time\" content=\"2025-12-22T16:07:29+00:00\" \/>\n<meta property=\"og:image\" content=\"https:\/\/djecji-vrtic-slapica.hr\/wp-content\/uploads\/2025\/12\/600270654_1390586882855162_6643543642844758743_n.jpg\" \/>\n\t<meta property=\"og:image:width\" content=\"1500\" \/>\n\t<meta property=\"og:image:height\" content=\"2000\" \/>\n\t<meta property=\"og:image:type\" content=\"image\/jpeg\" \/>\n<meta name=\"author\" content=\"krMedia\" \/>\n<meta name=\"twitter:card\" content=\"summary_large_image\" \/>\n<meta name=\"twitter:label1\" content=\"Written by\" \/>\n\t<meta name=\"twitter:data1\" content=\"krMedia\" \/>\n\t<meta name=\"twitter:label2\" content=\"Estimated reading time\" \/>\n\t<meta name=\"twitter:data2\" content=\"1 minute\" \/>\n<script type=\"application\/ld+json\" class=\"yoast-schema-graph\">{\"@context\":\"https:\/\/schema.org\",\"@graph\":[{\"@type\":\"Article\",\"@id\":\"https:\/\/djecji-vrtic-slapica.hr\/ukrasili-smo-tuzno-drvo\/#article\",\"isPartOf\":{\"@id\":\"https:\/\/djecji-vrtic-slapica.hr\/ukrasili-smo-tuzno-drvo\/\"},\"author\":{\"name\":\"krMedia\",\"@id\":\"https:\/\/djecji-vrtic-slapica.hr\/#\/schema\/person\/6b0fbfd9ae6c50a6df6a3dfb249ac064\"},\"headline\":\"Ukrasili smo tu\u017eno drvo\",\"datePublished\":\"2025-12-22T16:07:27+00:00\",\"dateModified\":\"2025-12-22T16:07:29+00:00\",\"mainEntityOfPage\":{\"@id\":\"https:\/\/djecji-vrtic-slapica.hr\/ukrasili-smo-tuzno-drvo\/\"},\"wordCount\":5,\"publisher\":{\"@id\":\"https:\/\/djecji-vrtic-slapica.hr\/#organization\"},\"image\":{\"@id\":\"https:\/\/djecji-vrtic-slapica.hr\/ukrasili-smo-tuzno-drvo\/#primaryimage\"},\"thumbnailUrl\":\"https:\/\/djecji-vrtic-slapica.hr\/wp-content\/uploads\/2025\/12\/600270654_1390586882855162_6643543642844758743_n.jpg\",\"articleSection\":[\"Novosti\"],\"inLanguage\":\"en-GB\"},{\"@type\":\"WebPage\",\"@id\":\"https:\/\/djecji-vrtic-slapica.hr\/ukrasili-smo-tuzno-drvo\/\",\"url\":\"https:\/\/djecji-vrtic-slapica.hr\/ukrasili-smo-tuzno-drvo\/\",\"name\":\"Ukrasili smo tu\u017eno drvo - Dje\u010dji vrti\u0107 \u0160lapica\",\"isPartOf\":{\"@id\":\"https:\/\/djecji-vrtic-slapica.hr\/#website\"},\"primaryImageOfPage\":{\"@id\":\"https:\/\/djecji-vrtic-slapica.hr\/ukrasili-smo-tuzno-drvo\/#primaryimage\"},\"image\":{\"@id\":\"https:\/\/djecji-vrtic-slapica.hr\/ukrasili-smo-tuzno-drvo\/#primaryimage\"},\"thumbnailUrl\":\"https:\/\/djecji-vrtic-slapica.hr\/wp-content\/uploads\/2025\/12\/600270654_1390586882855162_6643543642844758743_n.jpg\",\"datePublished\":\"2025-12-22T16:07:27+00:00\",\"dateModified\":\"2025-12-22T16:07:29+00:00\",\"breadcrumb\":{\"@id\":\"https:\/\/djecji-vrtic-slapica.hr\/ukrasili-smo-tuzno-drvo\/#breadcrumb\"},\"inLanguage\":\"en-GB\",\"potentialAction\":[{\"@type\":\"ReadAction\",\"target\":[\"https:\/\/djecji-vrtic-slapica.hr\/ukrasili-smo-tuzno-drvo\/\"]}]},{\"@type\":\"ImageObject\",\"inLanguage\":\"en-GB\",\"@id\":\"https:\/\/djecji-vrtic-slapica.hr\/ukrasili-smo-tuzno-drvo\/#primaryimage\",\"url\":\"https:\/\/djecji-vrtic-slapica.hr\/wp-content\/uploads\/2025\/12\/600270654_1390586882855162_6643543642844758743_n.jpg\",\"contentUrl\":\"https:\/\/djecji-vrtic-slapica.hr\/wp-content\/uploads\/2025\/12\/600270654_1390586882855162_6643543642844758743_n.jpg\",\"width\":1500,\"height\":2000},{\"@type\":\"BreadcrumbList\",\"@id\":\"https:\/\/djecji-vrtic-slapica.hr\/ukrasili-smo-tuzno-drvo\/#breadcrumb\",\"itemListElement\":[{\"@type\":\"ListItem\",\"position\":1,\"name\":\"Po\u010detna stranica\",\"item\":\"https:\/\/djecji-vrtic-slapica.hr\/\"},{\"@type\":\"ListItem\",\"position\":2,\"name\":\"Ukrasili smo tu\u017eno drvo\"}]},{\"@type\":\"WebSite\",\"@id\":\"https:\/\/djecji-vrtic-slapica.hr\/#website\",\"url\":\"https:\/\/djecji-vrtic-slapica.hr\/\",\"name\":\"Dje\u010dji vrti\u0107 \u0160lapica\",\"description\":\"\",\"publisher\":{\"@id\":\"https:\/\/djecji-vrtic-slapica.hr\/#organization\"},\"potentialAction\":[{\"@type\":\"SearchAction\",\"target\":{\"@type\":\"EntryPoint\",\"urlTemplate\":\"https:\/\/djecji-vrtic-slapica.hr\/?s={search_term_string}\"},\"query-input\":{\"@type\":\"PropertyValueSpecification\",\"valueRequired\":true,\"valueName\":\"search_term_string\"}}],\"inLanguage\":\"en-GB\"},{\"@type\":\"Organization\",\"@id\":\"https:\/\/djecji-vrtic-slapica.hr\/#organization\",\"name\":\"Dje\u010dji vrti\u0107 \u0160lapica\",\"url\":\"https:\/\/djecji-vrtic-slapica.hr\/\",\"logo\":{\"@type\":\"ImageObject\",\"inLanguage\":\"en-GB\",\"@id\":\"https:\/\/djecji-vrtic-slapica.hr\/#\/schema\/logo\/image\/\",\"url\":\"https:\/\/djecji-vrtic-slapica.hr\/wp-content\/uploads\/2025\/03\/logo.svg\",\"contentUrl\":\"https:\/\/djecji-vrtic-slapica.hr\/wp-content\/uploads\/2025\/03\/logo.svg\",\"width\":363,\"height\":156,\"caption\":\"Dje\u010dji vrti\u0107 \u0160lapica\"},\"image\":{\"@id\":\"https:\/\/djecji-vrtic-slapica.hr\/#\/schema\/logo\/image\/\"}},{\"@type\":\"Person\",\"@id\":\"https:\/\/djecji-vrtic-slapica.hr\/#\/schema\/person\/6b0fbfd9ae6c50a6df6a3dfb249ac064\",\"name\":\"krMedia\",\"sameAs\":[\"https:\/\/djecji-vrtic-slapica.hr\"],\"url\":\"https:\/\/djecji-vrtic-slapica.hr\/en\/author\/krmedia\/\"}]}<\/script>\n<!-- \/ Yoast SEO plugin. -->","yoast_head_json":{"title":"Ukrasili smo tu\u017eno drvo - Dje\u010dji vrti\u0107 \u0160lapica","robots":{"index":"index","follow":"follow","max-snippet":"max-snippet:-1","max-image-preview":"max-image-preview:large","max-video-preview":"max-video-preview:-1"},"canonical":"https:\/\/djecji-vrtic-slapica.hr\/en\/ukrasili-smo-tuzno-drvo\/","og_locale":"en_GB","og_type":"article","og_title":"Ukrasili smo tu\u017eno drvo - Dje\u010dji vrti\u0107 \u0160lapica","og_url":"https:\/\/djecji-vrtic-slapica.hr\/en\/ukrasili-smo-tuzno-drvo\/","og_site_name":"Dje\u010dji vrti\u0107 \u0160lapica","article_published_time":"2025-12-22T16:07:27+00:00","article_modified_time":"2025-12-22T16:07:29+00:00","og_image":[{"width":1500,"height":2000,"url":"https:\/\/djecji-vrtic-slapica.hr\/wp-content\/uploads\/2025\/12\/600270654_1390586882855162_6643543642844758743_n.jpg","type":"image\/jpeg"}],"author":"krMedia","twitter_card":"summary_large_image","twitter_misc":{"Written by":"krMedia","Estimated reading time":"1 minute"},"schema":{"@context":"https:\/\/schema.org","@graph":[{"@type":"Article","@id":"https:\/\/djecji-vrtic-slapica.hr\/ukrasili-smo-tuzno-drvo\/#article","isPartOf":{"@id":"https:\/\/djecji-vrtic-slapica.hr\/ukrasili-smo-tuzno-drvo\/"},"author":{"name":"krMedia","@id":"https:\/\/djecji-vrtic-slapica.hr\/#\/schema\/person\/6b0fbfd9ae6c50a6df6a3dfb249ac064"},"headline":"Ukrasili smo tu\u017eno drvo","datePublished":"2025-12-22T16:07:27+00:00","dateModified":"2025-12-22T16:07:29+00:00","mainEntityOfPage":{"@id":"https:\/\/djecji-vrtic-slapica.hr\/ukrasili-smo-tuzno-drvo\/"},"wordCount":5,"publisher":{"@id":"https:\/\/djecji-vrtic-slapica.hr\/#organization"},"image":{"@id":"https:\/\/djecji-vrtic-slapica.hr\/ukrasili-smo-tuzno-drvo\/#primaryimage"},"thumbnailUrl":"https:\/\/djecji-vrtic-slapica.hr\/wp-content\/uploads\/2025\/12\/600270654_1390586882855162_6643543642844758743_n.jpg","articleSection":["Novosti"],"inLanguage":"en-GB"},{"@type":"WebPage","@id":"https:\/\/djecji-vrtic-slapica.hr\/ukrasili-smo-tuzno-drvo\/","url":"https:\/\/djecji-vrtic-slapica.hr\/ukrasili-smo-tuzno-drvo\/","name":"Ukrasili smo tu\u017eno drvo - Dje\u010dji vrti\u0107 \u0160lapica","isPartOf":{"@id":"https:\/\/djecji-vrtic-slapica.hr\/#website"},"primaryImageOfPage":{"@id":"https:\/\/djecji-vrtic-slapica.hr\/ukrasili-smo-tuzno-drvo\/#primaryimage"},"image":{"@id":"https:\/\/djecji-vrtic-slapica.hr\/ukrasili-smo-tuzno-drvo\/#primaryimage"},"thumbnailUrl":"https:\/\/djecji-vrtic-slapica.hr\/wp-content\/uploads\/2025\/12\/600270654_1390586882855162_6643543642844758743_n.jpg","datePublished":"2025-12-22T16:07:27+00:00","dateModified":"2025-12-22T16:07:29+00:00","breadcrumb":{"@id":"https:\/\/djecji-vrtic-slapica.hr\/ukrasili-smo-tuzno-drvo\/#breadcrumb"},"inLanguage":"en-GB","potentialAction":[{"@type":"ReadAction","target":["https:\/\/djecji-vrtic-slapica.hr\/ukrasili-smo-tuzno-drvo\/"]}]},{"@type":"ImageObject","inLanguage":"en-GB","@id":"https:\/\/djecji-vrtic-slapica.hr\/ukrasili-smo-tuzno-drvo\/#primaryimage","url":"https:\/\/djecji-vrtic-slapica.hr\/wp-content\/uploads\/2025\/12\/600270654_1390586882855162_6643543642844758743_n.jpg","contentUrl":"https:\/\/djecji-vrtic-slapica.hr\/wp-content\/uploads\/2025\/12\/600270654_1390586882855162_6643543642844758743_n.jpg","width":1500,"height":2000},{"@type":"BreadcrumbList","@id":"https:\/\/djecji-vrtic-slapica.hr\/ukrasili-smo-tuzno-drvo\/#breadcrumb","itemListElement":[{"@type":"ListItem","position":1,"name":"Po\u010detna stranica","item":"https:\/\/djecji-vrtic-slapica.hr\/"},{"@type":"ListItem","position":2,"name":"Ukrasili smo tu\u017eno drvo"}]},{"@type":"WebSite","@id":"https:\/\/djecji-vrtic-slapica.hr\/#website","url":"https:\/\/djecji-vrtic-slapica.hr\/","name":"Dje\u010dji vrti\u0107 \u0160lapica","description":"","publisher":{"@id":"https:\/\/djecji-vrtic-slapica.hr\/#organization"},"potentialAction":[{"@type":"SearchAction","target":{"@type":"EntryPoint","urlTemplate":"https:\/\/djecji-vrtic-slapica.hr\/?s={search_term_string}"},"query-input":{"@type":"PropertyValueSpecification","valueRequired":true,"valueName":"search_term_string"}}],"inLanguage":"en-GB"},{"@type":"Organization","@id":"https:\/\/djecji-vrtic-slapica.hr\/#organization","name":"Dje\u010dji vrti\u0107 \u0160lapica","url":"https:\/\/djecji-vrtic-slapica.hr\/","logo":{"@type":"ImageObject","inLanguage":"en-GB","@id":"https:\/\/djecji-vrtic-slapica.hr\/#\/schema\/logo\/image\/","url":"https:\/\/djecji-vrtic-slapica.hr\/wp-content\/uploads\/2025\/03\/logo.svg","contentUrl":"https:\/\/djecji-vrtic-slapica.hr\/wp-content\/uploads\/2025\/03\/logo.svg","width":363,"height":156,"caption":"Dje\u010dji vrti\u0107 \u0160lapica"},"image":{"@id":"https:\/\/djecji-vrtic-slapica.hr\/#\/schema\/logo\/image\/"}},{"@type":"Person","@id":"https:\/\/djecji-vrtic-slapica.hr\/#\/schema\/person\/6b0fbfd9ae6c50a6df6a3dfb249ac064","name":"krMedia","sameAs":["https:\/\/djecji-vrtic-slapica.hr"],"url":"https:\/\/djecji-vrtic-slapica.hr\/en\/author\/krmedia\/"}]}},"jetpack_featured_media_url":"https:\/\/djecji-vrtic-slapica.hr\/wp-content\/uploads\/2025\/12\/600270654_1390586882855162_6643543642844758743_n.jpg","jetpack_sharing_enabled":true,"_links":{"self":[{"href":"https:\/\/djecji-vrtic-slapica.hr\/en\/wp-json\/wp\/v2\/posts\/1306","targetHints":{"allow":["GET"]}}],"collection":[{"href":"https:\/\/djecji-vrtic-slapica.hr\/en\/wp-json\/wp\/v2\/posts"}],"about":[{"href":"https:\/\/djecji-vrtic-slapica.hr\/en\/wp-json\/wp\/v2\/types\/post"}],"author":[{"embeddable":true,"href":"https:\/\/djecji-vrtic-slapica.hr\/en\/wp-json\/wp\/v2\/users\/1"}],"replies":[{"embeddable":true,"href":"https:\/\/djecji-vrtic-slapica.hr\/en\/wp-json\/wp\/v2\/comments?post=1306"}],"version-history":[{"count":1,"href":"https:\/\/djecji-vrtic-slapica.hr\/en\/wp-json\/wp\/v2\/posts\/1306\/revisions"}],"predecessor-version":[{"id":1311,"href":"https:\/\/djecji-vrtic-slapica.hr\/en\/wp-json\/wp\/v2\/posts\/1306\/revisions\/1311"}],"wp:featuredmedia":[{"embeddable":true,"href":"https:\/\/djecji-vrtic-slapica.hr\/en\/wp-json\/wp\/v2\/media\/1309"}],"wp:attachment":[{"href":"https:\/\/djecji-vrtic-slapica.hr\/en\/wp-json\/wp\/v2\/media?parent=1306"}],"wp:term":[{"taxonomy":"category","embeddable":true,"href":"https:\/\/djecji-vrtic-slapica.hr\/en\/wp-json\/wp\/v2\/categories?post=1306"},{"taxonomy":"post_tag","embeddable":true,"href":"https:\/\/djecji-vrtic-slapica.hr\/en\/wp-json\/wp\/v2\/tags?post=1306"}],"curies":[{"name":"wp","href":"https:\/\/api.w.org\/{rel}","templated":true}]}}